{"id":379,"date":"2021-06-11T18:35:31","date_gmt":"2021-06-11T18:35:31","guid":{"rendered":"http:\/\/musikverein-albtal.de\/?p=379"},"modified":"2025-03-12T15:39:53","modified_gmt":"2025-03-12T15:39:53","slug":"probenbeginn-am-17-06-2021-2000","status":"publish","type":"post","link":"https:\/\/musikverein-albtal.de\/?p=379","title":{"rendered":"Probenbeginn am 17.06.2021 \/ 20:00"},"content":{"rendered":"\n<p>Liebe Musikerinnen und Musiker, <\/p>\n\n\n\n<p><strong>wir freuen uns <\/strong>dass die positive Entwicklung der Pandemie uns die M\u00f6glichkeit er\u00f6ffnet, einen geregelten und sinnvollen Probenbetrieb wieder aufzunehmen. Die Inzidenz im Landkreis Waldshut in den letzten Tagen hat dazu gef\u00fchrt, dass der Landkreis die \u00d6ffnungsschritte 2 und 3 am 07.06.2021 und am 08.06.2021 das Entfallen der Testpflicht im Aussenbereich unter bestimmten Regeln beschlossen hat.<\/p>\n\n\n\n<p>Wir k\u00f6nnen somit, gem\u00e4ss den Empfehlungen des BDB und des BHV, Proben im Freien ohne Testpflicht und in geschlossenen R\u00e4umen unter Einhaltung der drei Gs (Geimpft, Getestet, Genesen) durchzuf\u00fchren.<\/p>\n\n\n\n<p><b><span class=\"has-inline-color has-black-color\">Somit werden wir die n\u00e4chste Probe am n\u00e4chsten Donnerstag, den 17.06.20201 \/ 20:00 Uhr <\/span><\/b><span style=\"font-weight: 600;\"><span class=\"has-inline-color has-black-color\">durchf\u00fchren<\/span><\/span><b><span class=\"has-inline-color has-black-color\">.<\/span><\/b><\/p>\n\n\n\n<p><strong><span class=\"has-inline-color has-vivid-cyan-blue-color\">Bei gutem Wetter<\/span><\/strong>, wird die Probe im Freien direkt vorm Probelokal stattfinden. <\/p>\n\n\n\n<p><span class=\"has-inline-color has-vivid-cyan-blue-color\"><strong>Bei schlechtem Wetter<\/strong><\/span>, wird die Probe im Probelokal stattfinden. <br>Hier m\u00fcssen wir die Anforderungen an die 3 Gs (Geimpft, Getestet, Genesen) erf\u00fcllen. <br>  <strong>Geimpft<\/strong>: bringt bitte euren Impfnachweis -> einmal zur ersten Probe mit.<br>  <strong>Genesen<\/strong>: bringt bitte den Nachweis dass ihr genesen seit -> einmal zur ersten Probe mit.<br>  <strong>Getestet<\/strong>: wenn ihr vorher (48h) am Arbeitsplatz, Schule oder anderweitig getestet wurdet wird das dokumentiert.<br><strong>Wenn ihr keines der 3 Gs erf\u00fcllt, kommt bitte trotzdem in die Probe. Wir haben gen\u00fcgend Tests vorr\u00e4tig \ud83d\ude09<\/strong><\/p>\n\n\n\n<p>Das angepasste Hygienekonzept wird auf dieser Webseite ver\u00f6ffentlicht und jedem Musiker*in in der Probe schriftlich zur Verf\u00fcgung gestellt.<\/p>\n\n\n\n<p><strong>Wir haben tolle neue Noten die wir einstudieren k\u00f6nnen und wir hoffen ihr freut euch ebenfalls endlich wieder gemeinsam zu musizieren!<\/strong><\/p>\n\n\n\n<p>Eure Vorstandschaft &amp;<br>Euer Diri Martin.<\/p>\n\n\n\n<p><\/p>\n\n\n\n<p>Interessante Links:<br>BHV &#8211; <a rel=\"noreferrer noopener\" href=\"https:\/\/www.bv-hochrhein.de\/aktuell.php?DOC_INST=105%3E\" target=\"_blank\">https:\/\/www.bv-hochrhein.de<\/a><br>Landkreis Waldshut &#8211; <a rel=\"noreferrer noopener\" href=\"https:\/\/www.landkreis-waldshut.de\" target=\"_blank\">https:\/\/www.landkreis-waldshut.de <\/a><\/p>\n\n\n\n<p><\/p>\n\n\n\n<p> <\/p>\n","protected":false},"excerpt":{"rendered":"<p>Liebe Musikerinnen und Musiker, wir freuen uns dass die positive Entwicklung der Pandemie uns die M\u00f6glichkeit er\u00f6ffnet, einen geregelten und sinnvollen Probenbetrieb wieder aufzunehmen. Die Inzidenz im Landkreis Waldshut in &hellip; <\/p>\n<p class=\"link-more\"><a href=\"https:\/\/musikverein-albtal.de\/?p=379\" class=\"more-link\"><span class=\"screen-reader-text\">\u201eProbenbeginn am 17.06.2021 \/ 20:00\u201c<\/span> weiterlesen<\/a><\/p>\n","protected":false},"author":1,"featured_media":381,"comment_status":"closed","ping_status":"closed","sticky":false,"template":"","format":"standard","meta":{"jetpack_post_was_ever_published":false,"_jetpack_newsletter_access":"","_jetpack_dont_email_post_to_subs":false,"_jetpack_newsletter_tier_id":0,"_jetpack_memberships_contains_paywalled_content":false,"_jetpack_memberships_contains_paid_content":false,"footnotes":"","jetpack_publicize_message":"","jetpack_publicize_feature_enabled":true,"jetpack_social_post_already_shared":true,"jetpack_social_options":{"image_generator_settings":{"template":"highway","default_image_id":0,"font":"","enabled":false},"version":2}},"categories":[3],"tags":[],"class_list":["post-379","post","type-post","status-publish","format-standard","has-post-thumbnail","hentry","category-nachrichten"],"jetpack_publicize_connections":[],"jetpack_featured_media_url":"https:\/\/i0.wp.com\/musikverein-albtal.de\/wp-content\/uploads\/2021\/06\/clarinet-3246642_1920.jpg?fit=1920%2C1271&ssl=1","jetpack_sharing_enabled":true,"jetpack_shortlink":"https:\/\/wp.me\/p9CsQs-67","jetpack_likes_enabled":true,"jetpack-related-posts":[],"_links":{"self":[{"href":"https:\/\/musikverein-albtal.de\/index.php?rest_route=\/wp\/v2\/posts\/379","targetHints":{"allow":["GET"]}}],"collection":[{"href":"https:\/\/musikverein-albtal.de\/index.php?rest_route=\/wp\/v2\/posts"}],"about":[{"href":"https:\/\/musikverein-albtal.de\/index.php?rest_route=\/wp\/v2\/types\/post"}],"author":[{"embeddable":true,"href":"https:\/\/musikverein-albtal.de\/index.php?rest_route=\/wp\/v2\/users\/1"}],"replies":[{"embeddable":true,"href":"https:\/\/musikverein-albtal.de\/index.php?rest_route=%2Fwp%2Fv2%2Fcomments&post=379"}],"version-history":[{"count":12,"href":"https:\/\/musikverein-albtal.de\/index.php?rest_route=\/wp\/v2\/posts\/379\/revisions"}],"predecessor-version":[{"id":396,"href":"https:\/\/musikverein-albtal.de\/index.php?rest_route=\/wp\/v2\/posts\/379\/revisions\/396"}],"wp:featuredmedia":[{"embeddable":true,"href":"https:\/\/musikverein-albtal.de\/index.php?rest_route=\/wp\/v2\/media\/381"}],"wp:attachment":[{"href":"https:\/\/musikverein-albtal.de\/index.php?rest_route=%2Fwp%2Fv2%2Fmedia&parent=379"}],"wp:term":[{"taxonomy":"category","embeddable":true,"href":"https:\/\/musikverein-albtal.de\/index.php?rest_route=%2Fwp%2Fv2%2Fcategories&post=379"},{"taxonomy":"post_tag","embeddable":true,"href":"https:\/\/musikverein-albtal.de\/index.php?rest_route=%2Fwp%2Fv2%2Ftags&post=379"}],"curies":[{"name":"wp","href":"https:\/\/api.w.org\/{rel}","templated":true}]}}